{"id":1492,"date":"2025-05-19T18:11:54","date_gmt":"2025-05-19T16:11:54","guid":{"rendered":"https:\/\/oega.boku.ac.at\/?p=1492"},"modified":"2025-05-19T19:08:25","modified_gmt":"2025-05-19T17:08:25","slug":"ajars-31-austrian-journal-of-agricultural-economics-and-rural-studies-vol-31","status":"publish","type":"post","link":"https:\/\/oega.boku.ac.at\/en\/2025\/05\/19\/ajars-31-austrian-journal-of-agricultural-economics-and-rural-studies-vol-31\/","title":{"rendered":"AJARS 31"},"content":{"rendered":"<p class=\"has-text-align-center\"><strong>Austrian Journal<\/strong><br><strong>of Agricultural Economics<\/strong> <strong>and Rural Studies<\/strong><br>~ <strong>Vol. 31<\/strong> ~<\/p>\n\n\n\n<hr class=\"wp-block-separator has-alpha-channel-opacity\"\/>\n\n\n\n<p class=\"has-text-align-center\"><em>herausgegeben<em> <\/em>von:<\/em><br>Theresia Oedl-Wieser, Heidelinde Gr\u00fcneis, Jochen Kantelhardt, Andreas Niedermayr und Siegfried P\u00f6chtrager<\/p>\n\n\n\n<hr class=\"wp-block-separator has-alpha-channel-opacity\"\/>\n\n\n\n<div class=\"wp-block-columns is-layout-flex wp-container-core-columns-is-layout-9d6595d7 wp-block-columns-is-layout-flex\">\n<div class=\"wp-block-column is-layout-flow wp-block-column-is-layout-flow\" style=\"flex-basis:100%\">\n<ul class=\"wp-block-list\">\n<li><a href=\"https:\/\/oega.boku.ac.at\/wp-content\/uploads\/2025\/01\/IT_AJARS_31.pdf\">AJARS Vol. 31<\/a><\/li>\n\n\n\n<li><a href=\"https:\/\/oega.boku.ac.at\/wp-content\/uploads\/2025\/01\/01_Inhaltsverzeichnis.pdf\">Table of content<\/a><\/li>\n\n\n\n<li><a href=\"https:\/\/oega.boku.ac.at\/wp-content\/uploads\/2025\/01\/02_Editorial.pdf\">Vorwort<\/a><\/li>\n\n\n\n<li><a href=\"https:\/\/oega.boku.ac.at\/wp-content\/uploads\/2025\/01\/U2_Titelei_AJARS_31.pdf\">Imprint<\/a><\/li>\n\n\n\n<li><a href=\"https:\/\/oega.boku.ac.at\/wp-content\/uploads\/2025\/01\/25_Gutachter.pdf\">Reviewers<\/a><\/li>\n<\/ul>\n<\/div>\n<\/div>\n\n\n\n<hr class=\"wp-block-separator has-alpha-channel-opacity\"\/>\n\n\n\n<figure class=\"wp-block-flexible-table-block-table\"><table class=\"has-fixed-layout\"><thead><tr><th>Authors<\/th><th>Title<\/th><\/tr><\/thead><tbody><tr><td>Michael Gscheidle, Reiner Doluschitz<\/td><td>Wirkungen \u00fcberbetrieblich eingesetzter digitaler Landtechnik auf das Umfeld landwirtschaftlicher BetriebsleiterInnen<br><br><a href=\"https:\/\/oega.boku.ac.at\/wp-content\/uploads\/2025\/01\/04_Gscheidle_und_Doluschitz.pdf\">DOI 10.15203\/OEGA_31.3<\/a><\/td><\/tr><tr><td>Dunja Dux, Katja Heitk\u00e4mper<\/td><td>Sind Kulturschutznetze im Einsatz gegen M\u00f6hrenfliegen wirtschaftlich?<br><br><a href=\"https:\/\/oega.boku.ac.at\/wp-content\/uploads\/2025\/01\/05_Dux_Heitkaemper.pdf\">DOI 10.15203\/OEGA_31.4<\/a><\/td><\/tr><tr><td>Felix Witte, Hans Back, Christian Sponagel, Enno Bahrs<\/td><td>Durchschnittskosten von Traktoren \u2013 Der Einfluss von abweichenden Nutzungsdauern sowie Neu- und Gebrauchtk\u00e4ufen<br><br><a href=\"https:\/\/oega.boku.ac.at\/wp-content\/uploads\/2025\/01\/06_Witte_et_al.pdf\">DOI 10.15203\/OEGA_31.5<\/a><\/td><\/tr><tr><td>Daniel Hoop<\/td><td>How do direct payments influence machinery investments of Swiss dairy farms?<br><br><a href=\"https:\/\/oega.boku.ac.at\/wp-content\/uploads\/2025\/01\/07_Hoop.pdf\">DOI 10.15203\/OEGA_31.6<\/a><\/td><\/tr><tr><td>Angelika Dauermann, Dietrun Thielecke, Stefanie Ammer, Ulrich Enneking<\/td><td>Meinungsumfrage unter deutschen SchweinehalterInnen zum Baustoff Holz: Hygienesorgen als Hemmnis<br><br><a href=\"https:\/\/oega.boku.ac.at\/wp-content\/uploads\/2025\/01\/08_Dauermann_et_al.pdf\">DOI 10.15203\/OEGA_31.7<\/a><\/td><\/tr><tr><td>Laura Eckart, Jochen Kantelhardt,, Lena Luise Schaller<\/td><td>Die Nutzungs- und Betriebsstruktur auf landwirtschaftlich genutzten Moorb\u00f6den in \u00d6sterreich und deren Bedeutung f\u00fcr klimaangepasste Managementoptionen<br><br><a href=\"https:\/\/oega.boku.ac.at\/wp-content\/uploads\/2025\/01\/10_Eckart_et_al.pdf\">DOI 10.15203\/OEGA_31.8<\/a><\/td><\/tr><tr><td>Stefan Kirchweger, Andreas Mayer, Jochen Kantelhardt, Stefan H\u00f6rtenhuber, Lisa Kaufmann, Wolfgang E. Baaske, Chrsitian Lauk<\/td><td>Die Tierhaltung im Spannungsfeld von Klimaschutz und betrieblicher Wertsch\u00f6pfung \u2013 Eine regionale Betrachtung auf Basis der Kopplung zweier Modelle<br><br><a href=\"https:\/\/oega.boku.ac.at\/wp-content\/uploads\/2025\/01\/11_Kirchweger_et_al.pdf\">DOI 10.15203\/OEGA_31.9<\/a><\/td><\/tr><tr><td>Cedric Gidde, Matthias Schulten, Iris Schr\u00f6ter<\/td><td>Analyse und Optimierung der Darstellung von Tierwohl-Kennzeichnungen auf Lebensmittel-Verpackungen in Deutschland<br><br><a href=\"https:\/\/oega.boku.ac.at\/wp-content\/uploads\/2025\/01\/12_Gidde_et_al.pdf\">DOI 10.15203\/OEGA_31.10<\/a><\/td><\/tr><tr><td>Ivica Faletar, Jessica Berkes, Carla Ollier, Inken Christoph-Schulz, Marcus Mergenthaler<\/td><td>Kritische Perspektiven von LandwirtInnen und B\u00fcrgerInnen auf die Agrarpolitik<br><br><a href=\"https:\/\/oega.boku.ac.at\/wp-content\/uploads\/2025\/01\/13_Faletar_et_al.pdf\">DOI 10.15203\/OEGA_31.11<\/a><\/td><\/tr><tr><td>Theresia Oedl-Wieser, Michael Klien, Erika Quendler, Franz Sinabell<\/td><td>\u00d6ffentliche Beschaffung von Lebensmitteln in \u00d6sterreich aus der Nachhaltigkeitsperspektive<br><br><a href=\"https:\/\/oega.boku.ac.at\/wp-content\/uploads\/2025\/01\/15_Oedl-Wieser_et_al.pdf\">DOI 10.15203\/OEGA_31.12<\/a><\/td><\/tr><tr><td>Philipp Loacker, Siegfried P\u00f6chtrager<\/td><td>Measuring robustness of a processed cheese production system through Value Stream Mapping: a case study in the context of the COVID-19 crises<br><br><a href=\"https:\/\/oega.boku.ac.at\/wp-content\/uploads\/2025\/01\/16_Loacker_and_Poechtrager.pdf\">DOI 10.15203\/OEGA_31.13<\/a><\/td><\/tr><tr><td>Leopold Kirner, Franz Fensl, Gudrun Glawischnig, Franz Hunger<\/td><td>Wirtschaftlichkeit von und pers\u00f6nliche Erfahrungen mit Urlaub am Bauernhof am Beispiel von \u00d6sterreich<br><br><a href=\"https:\/\/oega.boku.ac.at\/wp-content\/uploads\/2025\/01\/17_Kirner_et_al.pdf\">DOI 10.15203\/OEGA_31.14<\/a><\/td><\/tr><tr><td>Marilene Fuhrmann, Christa Dissauer, Christoph Strasser, Erwin Schmidt<\/td><td>Techno-economic assessment of wood-based processes with feedstock price scenarios in Austria<br><br><a href=\"https:\/\/oega.boku.ac.at\/wp-content\/uploads\/2025\/01\/18_Fuhrmann_et_al.pdf\">DOI 10.15203\/OEGA_31.15<\/a><\/td><\/tr><tr><td>Greta Langer, Christian Schaper, Louisa Von Plettenberg<\/td><td>Die gesellschaftliche Einstellungsaktzeptanz digitaler Technologien in der Milchviehhaltung \u2013 eine Betrachtung der affektiven Dimension<br><br><a href=\"https:\/\/oega.boku.ac.at\/wp-content\/uploads\/2025\/01\/20_Langer_et_al.pdf\">DOI 10.15203\/OEGA_31.16<\/a><\/td><\/tr><tr><td>Ivica Faletar, Mirka Erler, Jessica Berkes, Carla Ollier, Marcus Mergenthaler, Inken Christoph-Schulz<\/td><td>Farmers\u2019 and Citizens\u2019 Criticism towards the German Food Retail Sector \u2013 Insight into the Results of a Future Workshop<br><br><a href=\"https:\/\/oega.boku.ac.at\/wp-content\/uploads\/2025\/01\/21_Faletar_et_al.pdf\">DOI 10.15203\/OEGA_31.17<\/a><\/td><\/tr><tr><td>Astrid Artner-Nehls, Ren\u00e9 Meite<\/td><td>Coverage of nitrogen reduction strategies in the scientific and agricultural press<br><br><a href=\"https:\/\/oega.boku.ac.at\/wp-content\/uploads\/2025\/01\/22_Artner-Nehls_and_Meite.pdf\">DOI 10.15203\/OEGA_31.18<\/a><\/td><\/tr><tr><td>Iris Schr\u00f6ter, Christiane Wildraut, Florian Maronn, Carl-Bernd M\u00f6hlenhaskamp, Tizian Hoppe, Marcus Mergenthaler<\/td><td>Randomised controlled experiment on the effect of disclosing \u00b4true\u00b4 prices on food choice<br><br><a href=\"https:\/\/oega.boku.ac.at\/wp-content\/uploads\/2025\/01\/23_Schroeter.pdf\">DOI 10.15203\/OEGA_31.19<\/a><\/td><\/tr><tr><td>Sonja G\u00f6schlberger, Christina Armbruckner, Siegfried P\u00f6chtrager<\/td><td>Einsatz von Nisin zur Biokonservierung von w\u00e4rmebehandelten Fleischerzeugnissen \u2013 Evaluierung der Einstellung von \u00f6sterreichischen KonsumentInnen<br><br><a href=\"https:\/\/oega.boku.ac.at\/wp-content\/uploads\/2025\/01\/24_Goeschlberger_et_al.pdf\">DOI 10.15203\/OEGA_31.20<\/a><\/td><\/tr><\/tbody><\/table><\/figure>\n\n\n\n<hr class=\"wp-block-separator has-alpha-channel-opacity\"\/>\n\n\n\n<p class=\"has-text-align-center has-small-font-size\">AJARS N\u00ba31<em> \u2013 Authors:<\/em><\/p>\n<div class=\"pdfprnt-buttons pdfprnt-buttons-post pdfprnt-bottom-left\"><a href=\"https:\/\/oega.boku.ac.at\/en\/wp-json\/wp\/v2\/posts\/1492?print=pdf\" class=\"pdfprnt-button pdfprnt-button-pdf\" target=\"_blank\" ><\/a><a href=\"https:\/\/oega.boku.ac.at\/en\/wp-json\/wp\/v2\/posts\/1492?print=print\" class=\"pdfprnt-button pdfprnt-button-print\" target=\"_blank\" ><img decoding=\"async\" src=\"https:\/\/oega.boku.ac.at\/wp-content\/plugins\/pdf-print\/images\/print.png\" alt=\"image_print\" title=\"Print Content\" \/><span class=\"pdfprnt-button-title pdfprnt-button-print-title\">Print-Version<\/span><\/a><\/div>","protected":false},"excerpt":{"rendered":"","protected":false},"author":1,"featured_media":1496,"comment_status":"closed","ping_status":"closed","sticky":false,"template":"templates\/template-full-width.php","format":"standard","meta":{"footnotes":""},"categories":[25],"tags":[213,214,215,217,216,115,218,76,219,221,78,220,222,223,224,226,225,227,228,229,230,231,232,169,233,239,234,236,237,238,93,240,241,242,243,244,176,173,246,247,100,248,137,249,250,142,252,251,254,206,253,258,257,255,256,259],"class_list":["post-1492","post","type-post","status-publish","format-standard","has-post-thumbnail","hentry","category-ajars","tag-ammer-stefanie","tag-armbruckner-christina","tag-artner-nehls-astrid","tag-baaske-wolfgang-e","tag-back-hans","tag-bahrs-enno","tag-berkes-jessica","tag-christoph-schulz-inken","tag-dauermann-angelika","tag-dissauer-christa","tag-doluschitz-reiner","tag-dux-dunja","tag-eckart-laura","tag-enneking-ulrich","tag-erler-mirka","tag-faletar-ivica","tag-fensl-franz","tag-fuhrmann-marilene","tag-gidde-cedric","tag-glawischnig-gudrun","tag-goschlberger-sonja","tag-gscheidle-michael","tag-heitkamper-katja","tag-hoop-daniel","tag-hoppe-tizian","tag-hortenhuber-stefan","tag-hunger-franz","tag-kantelhardt-jochen","tag-kaufmann-lisa","tag-kirchweger-stefan","tag-kirner-leopold","tag-klien-michael","tag-langer-greta","tag-lauk-chrsitian","tag-loacker-philipp","tag-maronn-florian","tag-mayer-andreas","tag-meite-rene","tag-mergenthaler-marcus","tag-mohlenhaskamp-carl-bernd","tag-oedl-wieser-theresia","tag-ollier-carla","tag-pochtrager-siegfried","tag-quendler-erika","tag-schaller-lena-luise","tag-schaper-christian","tag-schmidt-erwin","tag-schroter-iris","tag-schulten-matthias","tag-sinabell-franz","tag-sponagel-christian","tag-strasser-christoph","tag-thielecke-dietrun","tag-von-plettenberg-louisa","tag-wildraut-christiane","tag-witte-felix"],"_links":{"self":[{"href":"https:\/\/oega.boku.ac.at\/en\/wp-json\/wp\/v2\/posts\/1492","targetHints":{"allow":["GET"]}}],"collection":[{"href":"https:\/\/oega.boku.ac.at\/en\/wp-json\/wp\/v2\/posts"}],"about":[{"href":"https:\/\/oega.boku.ac.at\/en\/wp-json\/wp\/v2\/types\/post"}],"author":[{"embeddable":true,"href":"https:\/\/oega.boku.ac.at\/en\/wp-json\/wp\/v2\/users\/1"}],"replies":[{"embeddable":true,"href":"https:\/\/oega.boku.ac.at\/en\/wp-json\/wp\/v2\/comments?post=1492"}],"version-history":[{"count":16,"href":"https:\/\/oega.boku.ac.at\/en\/wp-json\/wp\/v2\/posts\/1492\/revisions"}],"predecessor-version":[{"id":1509,"href":"https:\/\/oega.boku.ac.at\/en\/wp-json\/wp\/v2\/posts\/1492\/revisions\/1509"}],"wp:featuredmedia":[{"embeddable":true,"href":"https:\/\/oega.boku.ac.at\/en\/wp-json\/wp\/v2\/media\/1496"}],"wp:attachment":[{"href":"https:\/\/oega.boku.ac.at\/en\/wp-json\/wp\/v2\/media?parent=1492"}],"wp:term":[{"taxonomy":"category","embeddable":true,"href":"https:\/\/oega.boku.ac.at\/en\/wp-json\/wp\/v2\/categories?post=1492"},{"taxonomy":"post_tag","embeddable":true,"href":"https:\/\/oega.boku.ac.at\/en\/wp-json\/wp\/v2\/tags?post=1492"}],"curies":[{"name":"wp","href":"https:\/\/api.w.org\/{rel}","templated":true}]}}